{"id":2298,"date":"2025-11-21T13:07:04","date_gmt":"2025-11-21T13:07:04","guid":{"rendered":"https:\/\/www.seriekonst.se\/?p=2298"},"modified":"2025-12-08T06:10:38","modified_gmt":"2025-12-08T06:10:38","slug":"serien-om-seriestaden","status":"publish","type":"post","link":"https:\/\/www.seriekonst.se\/?p=2298","title":{"rendered":"Serien om Seriestaden"},"content":{"rendered":"\n<p>F\u00f6r drygt 25 \u00e5r sedan myntade jag begreppet \u201dseriestaden\u201d om Malm\u00f6. Det var ett s\u00e4tt att uppm\u00e4rksamma saker som redan var p\u00e5 g\u00e5ng. En ny generation serietecknare som framf\u00f6rallt publicerades i fanzin, Seriefr\u00e4mjandets flytt fr\u00e5n Stockholm till Malm\u00f6, att Malm\u00f6 Stadsbibliotek fick en egen serieavdelning och alla utst\u00e4llningar med serietema. Malm\u00f6 intog snabbt en sj\u00e4lvklar plats som seriernas fr\u00e4msta hemvist i Sverige. Hur gick det egentligen till?&nbsp; Svaret p\u00e5 det ger jag i den sj\u00e4lvbiografiska och dokument\u00e4ra  <em>Serien om Seriestaden<\/em>. En serietidning som planeras komma ut i fyra nummer. Varje tidning inneh\u00e5ller \u2013 f\u00f6rutom tio sidor nytecknade serier \u2013 artiklar och fotografier fr\u00e5n tiden det begav sig. Nu \u00e4r f\u00f6rsta numret h\u00e4r!<\/p>\n\n\n\n<figure class=\"wp-block-image size-large\"><a href=\"https:\/\/www.seriekonst.se\/wp-content\/uploads\/2025\/11\/sos2-1-scaled.jpeg\"><img loading=\"lazy\" decoding=\"async\" width=\"700\" height=\"525\" src=\"https:\/\/www.seriekonst.se\/wp-content\/uploads\/2025\/11\/sos2-1-700x525.jpeg\" alt=\"\" class=\"wp-image-2300\" srcset=\"https:\/\/www.seriekonst.se\/wp-content\/uploads\/2025\/11\/sos2-1-700x525.jpeg 700w, https:\/\/www.seriekonst.se\/wp-content\/uploads\/2025\/11\/sos2-1-300x225.jpeg 300w, https:\/\/www.seriekonst.se\/wp-content\/uploads\/2025\/11\/sos2-1-768x576.jpeg 768w, https:\/\/www.seriekonst.se\/wp-content\/uploads\/2025\/11\/sos2-1-1536x1152.jpeg 1536w, https:\/\/www.seriekonst.se\/wp-content\/uploads\/2025\/11\/sos2-1-2048x1536.jpeg 2048w, https:\/\/www.seriekonst.se\/wp-content\/uploads\/2025\/11\/sos2-1-400x300.jpeg 400w\" sizes=\"auto, (max-width: 700px) 100vw, 700px\" \/><\/a><\/figure>\n\n\n\n<p>Genom att sj\u00e4lv teckna en serie om det som h\u00e4nde, hoppas jag komma s\u00e5 n\u00e4ra sanningen det g\u00e5r. Men att det \u00e4r en partsinlaga g\u00e5r inte att komma ifr\u00e5n. Jag har utg\u00e5tt fr\u00e5n mina egna minnen och kombinerat dem med eget arkivmaterial. Jag har gott om s\u00e5dant, instoppat i p\u00e4rmar, i l\u00e5dor, p\u00e5 gamla disketter och CD-skivor. Jag har skokartonger fulla med fotografier och mer fanzin \u00e4n jag klarar av att h\u00e5lla reda p\u00e5. Utan kontext s\u00e4ger detta material inte s\u00e5 mycket. Min serie \u00e4r d\u00e4rf\u00f6r ett f\u00f6rs\u00f6k att samla det, f\u00e5 ordning p\u00e5 kronologin och hitta de orsakssammanhang som ledde fram till Seriestaden. <\/p>\n\n\n\n<figure class=\"wp-block-image size-large\"><a href=\"https:\/\/www.seriekonst.se\/wp-content\/uploads\/2025\/11\/sos3-scaled.jpeg\"><img loading=\"lazy\" decoding=\"async\" width=\"700\" height=\"479\" src=\"https:\/\/www.seriekonst.se\/wp-content\/uploads\/2025\/11\/sos3-700x479.jpeg\" alt=\"\" class=\"wp-image-2302\" srcset=\"https:\/\/www.seriekonst.se\/wp-content\/uploads\/2025\/11\/sos3-700x479.jpeg 700w, https:\/\/www.seriekonst.se\/wp-content\/uploads\/2025\/11\/sos3-300x205.jpeg 300w, https:\/\/www.seriekonst.se\/wp-content\/uploads\/2025\/11\/sos3-768x526.jpeg 768w, https:\/\/www.seriekonst.se\/wp-content\/uploads\/2025\/11\/sos3-1536x1051.jpeg 1536w, https:\/\/www.seriekonst.se\/wp-content\/uploads\/2025\/11\/sos3-2048x1402.jpeg 2048w, https:\/\/www.seriekonst.se\/wp-content\/uploads\/2025\/11\/sos3-438x300.jpeg 438w\" sizes=\"auto, (max-width: 700px) 100vw, 700px\" \/><\/a><\/figure>\n\n\n\n<p>Serien om Seriestaden #1 2025. 16 sidor A3, med omslag i 2-f\u00e4rg. Pris: 100 kr + porto (66 kr). OBS! Serietidning som skickas med post viks p\u00e5 mitten. <meta charset=\"utf-8\"><a rel=\"noreferrer noopener\" href=\"mailto:info@seriekonst.se\" data-type=\"mailto\" data-id=\"mailto:info@seriekonst.se\" target=\"_blank\">BEST\u00c4LL!<\/a><\/p>\n\n\n\n<figure class=\"wp-block-image size-large\"><a href=\"https:\/\/www.seriekonst.se\/wp-content\/uploads\/2025\/11\/sos4-scaled.jpeg\"><img loading=\"lazy\" decoding=\"async\" width=\"700\" height=\"525\" src=\"https:\/\/www.seriekonst.se\/wp-content\/uploads\/2025\/11\/sos4-700x525.jpeg\" alt=\"\" class=\"wp-image-2304\" srcset=\"https:\/\/www.seriekonst.se\/wp-content\/uploads\/2025\/11\/sos4-700x525.jpeg 700w, https:\/\/www.seriekonst.se\/wp-content\/uploads\/2025\/11\/sos4-300x225.jpeg 300w, https:\/\/www.seriekonst.se\/wp-content\/uploads\/2025\/11\/sos4-768x576.jpeg 768w, https:\/\/www.seriekonst.se\/wp-content\/uploads\/2025\/11\/sos4-1536x1152.jpeg 1536w, https:\/\/www.seriekonst.se\/wp-content\/uploads\/2025\/11\/sos4-2048x1537.jpeg 2048w, https:\/\/www.seriekonst.se\/wp-content\/uploads\/2025\/11\/sos4-400x300.jpeg 400w\" sizes=\"auto, (max-width: 700px) 100vw, 700px\" \/><\/a><\/figure>\n\n\n\n<p>N\u00e4sta utg\u00e5va av <em>Serien om Seriestaden<\/em>, kommer att handla om hur Serieskolan i Malm\u00f6 startade och kom att bli den ledande i landet.&nbsp;<\/p>\n\n\n\n<p>L\u00e4s recension i Toppraffel <a href=\"https:\/\/toppraffel.se\/2025\/12\/06\/serier-serien-om-seriestaden\/\" data-type=\"link\" data-id=\"https:\/\/toppraffel.se\/2025\/12\/06\/serier-serien-om-seriestaden\/\">H\u00c4R<\/a><\/p>\n\n\n\n<p><\/p>\n\n\n\n<p>Serien om Seriestaden \u00e4r producerad med ben\u00e4get st\u00f6d av Sten K Johnsons stiftelse och Malm\u00f6 University Comics Hub\/much<\/p>\n\n\n\n<figure class=\"wp-block-image size-large is-resized\"><a href=\"https:\/\/www.seriekonst.se\/wp-content\/uploads\/2025\/11\/MUCH_logo_v2.png\"><img loading=\"lazy\" decoding=\"async\" width=\"700\" height=\"233\" src=\"https:\/\/www.seriekonst.se\/wp-content\/uploads\/2025\/11\/MUCH_logo_v2-700x233.png\" alt=\"\" class=\"wp-image-2306\" style=\"width:175px;height:58px\" srcset=\"https:\/\/www.seriekonst.se\/wp-content\/uploads\/2025\/11\/MUCH_logo_v2-700x233.png 700w, https:\/\/www.seriekonst.se\/wp-content\/uploads\/2025\/11\/MUCH_logo_v2-300x100.png 300w, https:\/\/www.seriekonst.se\/wp-content\/uploads\/2025\/11\/MUCH_logo_v2-768x256.png 768w, https:\/\/www.seriekonst.se\/wp-content\/uploads\/2025\/11\/MUCH_logo_v2-500x167.png 500w, https:\/\/www.seriekonst.se\/wp-content\/uploads\/2025\/11\/MUCH_logo_v2.png 1500w\" sizes=\"auto, (max-width: 700px) 100vw, 700px\" \/><\/a><\/figure>\n\n\n\n<figure class=\"wp-block-image size-full is-resized\"><a href=\"http:\/\/www.seriekonst.se\/wp-content\/uploads\/2025\/11\/Logo.png\"><img loading=\"lazy\" decoding=\"async\" width=\"500\" height=\"465\" src=\"http:\/\/www.seriekonst.se\/wp-content\/uploads\/2025\/11\/Logo.png\" alt=\"\" class=\"wp-image-2307\" style=\"width:125px;height:116px\" srcset=\"https:\/\/www.seriekonst.se\/wp-content\/uploads\/2025\/11\/Logo.png 500w, https:\/\/www.seriekonst.se\/wp-content\/uploads\/2025\/11\/Logo-300x279.png 300w, https:\/\/www.seriekonst.se\/wp-content\/uploads\/2025\/11\/Logo-323x300.png 323w\" sizes=\"auto, (max-width: 500px) 100vw, 500px\" \/><\/a><\/figure>\n","protected":false},"excerpt":{"rendered":"<p>F\u00f6r drygt 25 \u00e5r sedan myntade jag begreppet \u201dseriestaden\u201d om Malm\u00f6. Det var ett s\u00e4tt att uppm\u00e4rksamma saker som redan var p\u00e5 g\u00e5ng. En ny generation serietecknare som framf\u00f6rallt publicerades i fanzin, Seriefr\u00e4mjandets flytt fr\u00e5n Stockholm till Malm\u00f6, att Malm\u00f6 &hellip; <a href=\"https:\/\/www.seriekonst.se\/?p=2298\">Continue reading <span class=\"meta-nav\">&rarr;<\/span><\/a><\/p>\n","protected":false},"author":1,"featured_media":0,"comment_status":"closed","ping_status":"closed","sticky":false,"template":"","format":"standard","meta":{"footnotes":""},"categories":[16,4,59,74,1],"tags":[75,42],"class_list":["post-2298","post","type-post","status-publish","format-standard","hentry","category-projekt","category-publikationer","category-serieforskning","category-seriestaden","category-uncategorized","tag-serien-om-seriestaden","tag-seriestaden"],"_links":{"self":[{"href":"https:\/\/www.seriekonst.se\/index.php?rest_route=\/wp\/v2\/posts\/2298","targetHints":{"allow":["GET"]}}],"collection":[{"href":"https:\/\/www.seriekonst.se\/index.php?rest_route=\/wp\/v2\/posts"}],"about":[{"href":"https:\/\/www.seriekonst.se\/index.php?rest_route=\/wp\/v2\/types\/post"}],"author":[{"embeddable":true,"href":"https:\/\/www.seriekonst.se\/index.php?rest_route=\/wp\/v2\/users\/1"}],"replies":[{"embeddable":true,"href":"https:\/\/www.seriekonst.se\/index.php?rest_route=%2Fwp%2Fv2%2Fcomments&post=2298"}],"version-history":[{"count":9,"href":"https:\/\/www.seriekonst.se\/index.php?rest_route=\/wp\/v2\/posts\/2298\/revisions"}],"predecessor-version":[{"id":2324,"href":"https:\/\/www.seriekonst.se\/index.php?rest_route=\/wp\/v2\/posts\/2298\/revisions\/2324"}],"wp:attachment":[{"href":"https:\/\/www.seriekonst.se\/index.php?rest_route=%2Fwp%2Fv2%2Fmedia&parent=2298"}],"wp:term":[{"taxonomy":"category","embeddable":true,"href":"https:\/\/www.seriekonst.se\/index.php?rest_route=%2Fwp%2Fv2%2Fcategories&post=2298"},{"taxonomy":"post_tag","embeddable":true,"href":"https:\/\/www.seriekonst.se\/index.php?rest_route=%2Fwp%2Fv2%2Ftags&post=2298"}],"curies":[{"name":"wp","href":"https:\/\/api.w.org\/{rel}","templated":true}]}}