{"id":2128,"date":"2020-10-09T06:04:05","date_gmt":"2020-10-09T06:04:05","guid":{"rendered":"http:\/\/www.seriekonst.se\/?p=2128"},"modified":"2026-01-25T08:16:17","modified_gmt":"2026-01-25T08:16:17","slug":"tva-manader-i-tanger","status":"publish","type":"post","link":"https:\/\/www.seriekonst.se\/?p=2128","title":{"rendered":"Tv\u00e5 m\u00e5nader i Tanger"},"content":{"rendered":"\n<h2 class=\"wp-block-heading\">Nytt seriealbum av Gunnar Krantz:<\/h2>\n\n\n<figure class=\"wp-block-image aligncenter size-large is-resized\"><a href=\"https:\/\/www.seriekonst.se\/wp-content\/uploads\/2025\/09\/tmit_cover2-scaled.jpeg\"><img loading=\"lazy\" decoding=\"async\" width=\"700\" height=\"882\" src=\"https:\/\/www.seriekonst.se\/wp-content\/uploads\/2025\/09\/tmit_cover2-700x882.jpeg\" alt=\"\" class=\"wp-image-2266\" style=\"width:350px;height:441px\" srcset=\"https:\/\/www.seriekonst.se\/wp-content\/uploads\/2025\/09\/tmit_cover2-700x882.jpeg 700w, https:\/\/www.seriekonst.se\/wp-content\/uploads\/2025\/09\/tmit_cover2-238x300.jpeg 238w, https:\/\/www.seriekonst.se\/wp-content\/uploads\/2025\/09\/tmit_cover2-768x968.jpeg 768w, https:\/\/www.seriekonst.se\/wp-content\/uploads\/2025\/09\/tmit_cover2-1218x1536.jpeg 1218w, https:\/\/www.seriekonst.se\/wp-content\/uploads\/2025\/09\/tmit_cover2-1625x2048.jpeg 1625w, https:\/\/www.seriekonst.se\/wp-content\/uploads\/2025\/09\/tmit_cover2-scaled.jpeg 2031w\" sizes=\"auto, (max-width: 700px) 100vw, 700px\" \/><\/a><\/figure>\n\n\n<p><strong>Tv\u00e5 m\u00e5nader i Tanger<\/strong>. Seriealbum av Gunnar Krantz (2025). 144 sidor sv\/v. -256&#215;182 mm. Pris: 225 kr (+ 75kr porto). <a href=\"mailto:info@seriekonst.se\">BEST\u00c4LL.<\/a><\/p>\n\n\n<div class=\"wp-block-image\">\n<figure class=\"aligncenter size-large\"><a href=\"https:\/\/www.seriekonst.se\/wp-content\/uploads\/2025\/09\/brev-scaled.jpeg\"><img loading=\"lazy\" decoding=\"async\" width=\"700\" height=\"525\" src=\"https:\/\/www.seriekonst.se\/wp-content\/uploads\/2025\/09\/brev-700x525.jpeg\" alt=\"\" class=\"wp-image-2267\" srcset=\"https:\/\/www.seriekonst.se\/wp-content\/uploads\/2025\/09\/brev-700x525.jpeg 700w, https:\/\/www.seriekonst.se\/wp-content\/uploads\/2025\/09\/brev-300x225.jpeg 300w, https:\/\/www.seriekonst.se\/wp-content\/uploads\/2025\/09\/brev-768x576.jpeg 768w, https:\/\/www.seriekonst.se\/wp-content\/uploads\/2025\/09\/brev-1536x1152.jpeg 1536w, https:\/\/www.seriekonst.se\/wp-content\/uploads\/2025\/09\/brev-2048x1536.jpeg 2048w, https:\/\/www.seriekonst.se\/wp-content\/uploads\/2025\/09\/brev-400x300.jpeg 400w\" sizes=\"auto, (max-width: 700px) 100vw, 700px\" \/><\/a><figcaption class=\"wp-element-caption\">Tv\u00e5 m\u00e5nader i Tanger bygger p\u00e5 fotografier, brev och andra dokument.<\/figcaption><\/figure><\/div>\n\n\n<p>1955 liftar G\u00f6ran till Tanger, en frizon d\u00e4r finansv\u00e4rldens&nbsp;giganter, amerikansk jet-set, smugglare, pirater och den&nbsp;engelskspr\u00e5kiga litteraturens avantgarde samlas. I Tanger finns \u00e4ven en liten svensk-koloni, av Alice Timander beskriven som \u201den brokig samling mestadels gamla vinddrivna existenser\u201d. Svenskar med en l\u00e4ngtan efter frihet, sol och v\u00e4rme, p\u00e5 flykt undan \u201dkr\u00e5kvinkel-Sverige\u201d. Det \u00e4r verkligen en brokig samling G\u00f6ran m\u00f6ter.&nbsp; En f d filmpamp p\u00e5 flykt fr\u00e5n Thor Mod\u00e9en, en utfattig indisk prins, en excentrisk ingenj\u00f6r och \u201dkvaggaj\u00e4gare\u201d, pingstv\u00e4nner med storslagna radio-planer och den \u00f6verentusiastisk dillodlande tr\u00e4dg\u00e5rdsm\u00e4staren \u201cAfrika-Lasse\u201d fr\u00e5n Tomelilla.<\/p>\n\n\n<div class=\"wp-block-image\">\n<figure class=\"aligncenter size-large\"><a href=\"https:\/\/www.seriekonst.se\/wp-content\/uploads\/2025\/09\/kvaggan1-scaled.jpeg\"><img loading=\"lazy\" decoding=\"async\" width=\"700\" height=\"535\" src=\"https:\/\/www.seriekonst.se\/wp-content\/uploads\/2025\/09\/kvaggan1-700x535.jpeg\" alt=\"\" class=\"wp-image-2264\" srcset=\"https:\/\/www.seriekonst.se\/wp-content\/uploads\/2025\/09\/kvaggan1-700x535.jpeg 700w, https:\/\/www.seriekonst.se\/wp-content\/uploads\/2025\/09\/kvaggan1-300x229.jpeg 300w, https:\/\/www.seriekonst.se\/wp-content\/uploads\/2025\/09\/kvaggan1-768x588.jpeg 768w, https:\/\/www.seriekonst.se\/wp-content\/uploads\/2025\/09\/kvaggan1-1536x1175.jpeg 1536w, https:\/\/www.seriekonst.se\/wp-content\/uploads\/2025\/09\/kvaggan1-2048x1567.jpeg 2048w, https:\/\/www.seriekonst.se\/wp-content\/uploads\/2025\/09\/kvaggan1-392x300.jpeg 392w\" sizes=\"auto, (max-width: 700px) 100vw, 700px\" \/><\/a><figcaption class=\"wp-element-caption\">Kvagga-j\u00e4garen Leo fabulerar.<\/figcaption><\/figure><\/div>\n\n\n<p>Men allt det st\u00e4lls i skuggan n\u00e4r filmbolaget Warwick och blivande Bond-regiss\u00f6ren Terence Young anl\u00e4nder f\u00f6r att spela in storfilmen <em>Zarak<\/em> i Cinemascope och Technicolor och Tanger invaderas av filmstj\u00e4rnor. Anita Ekberg, Elisabeth Taylor, Victor Mature och Michael Wilding och G\u00f6ran f\u00e5r sitt livs uppdrag &#8211; att fotografera en av filmv\u00e4rldens blivande ikoner.<\/p>\n\n\n\n<figure class=\"wp-block-image size-large\"><a href=\"https:\/\/www.seriekonst.se\/wp-content\/uploads\/2025\/09\/zarak-scaled.jpeg\"><img loading=\"lazy\" decoding=\"async\" width=\"700\" height=\"506\" src=\"https:\/\/www.seriekonst.se\/wp-content\/uploads\/2025\/09\/zarak-700x506.jpeg\" alt=\"\" class=\"wp-image-2263\" srcset=\"https:\/\/www.seriekonst.se\/wp-content\/uploads\/2025\/09\/zarak-700x506.jpeg 700w, https:\/\/www.seriekonst.se\/wp-content\/uploads\/2025\/09\/zarak-300x217.jpeg 300w, https:\/\/www.seriekonst.se\/wp-content\/uploads\/2025\/09\/zarak-768x555.jpeg 768w, https:\/\/www.seriekonst.se\/wp-content\/uploads\/2025\/09\/zarak-1536x1111.jpeg 1536w, https:\/\/www.seriekonst.se\/wp-content\/uploads\/2025\/09\/zarak-2048x1481.jpeg 2048w, https:\/\/www.seriekonst.se\/wp-content\/uploads\/2025\/09\/zarak-415x300.jpeg 415w\" sizes=\"auto, (max-width: 700px) 100vw, 700px\" \/><\/a><figcaption class=\"wp-element-caption\">Fr\u00e5n inspelningen av storfilmen Zarak &#8211; regi av Terence Young och med bland andra  Anita Ekberg och Victor Mature i rollerna.<\/figcaption><\/figure>\n\n\n\n<figure class=\"wp-block-image size-large\"><a href=\"https:\/\/www.seriekonst.se\/wp-content\/uploads\/2025\/09\/lilius-scaled.jpeg\"><img loading=\"lazy\" decoding=\"async\" width=\"700\" height=\"525\" src=\"https:\/\/www.seriekonst.se\/wp-content\/uploads\/2025\/09\/lilius-700x525.jpeg\" alt=\"\" class=\"wp-image-2268\" srcset=\"https:\/\/www.seriekonst.se\/wp-content\/uploads\/2025\/09\/lilius-700x525.jpeg 700w, https:\/\/www.seriekonst.se\/wp-content\/uploads\/2025\/09\/lilius-300x225.jpeg 300w, https:\/\/www.seriekonst.se\/wp-content\/uploads\/2025\/09\/lilius-768x576.jpeg 768w, https:\/\/www.seriekonst.se\/wp-content\/uploads\/2025\/09\/lilius-1536x1152.jpeg 1536w, https:\/\/www.seriekonst.se\/wp-content\/uploads\/2025\/09\/lilius-2048x1536.jpeg 2048w, https:\/\/www.seriekonst.se\/wp-content\/uploads\/2025\/09\/lilius-400x300.jpeg 400w\" sizes=\"auto, (max-width: 700px) 100vw, 700px\" \/><\/a><figcaption class=\"wp-element-caption\">En annan f\u00e4rgstark profil i Tanger. Den f. d. OSS-agenten, journalisten och f\u00f6rfattaren Aleko Lilius.<\/figcaption><\/figure>\n\n\n<figure class=\"wp-block-image aligncenter size-large is-resized\"><a href=\"https:\/\/www.seriekonst.se\/wp-content\/uploads\/2025\/09\/tmit_back-scaled.jpeg\"><img loading=\"lazy\" decoding=\"async\" width=\"700\" height=\"929\" src=\"https:\/\/www.seriekonst.se\/wp-content\/uploads\/2025\/09\/tmit_back-700x929.jpeg\" alt=\"\" class=\"wp-image-2269\" style=\"width:525px;height:697px\" srcset=\"https:\/\/www.seriekonst.se\/wp-content\/uploads\/2025\/09\/tmit_back-700x929.jpeg 700w, https:\/\/www.seriekonst.se\/wp-content\/uploads\/2025\/09\/tmit_back-226x300.jpeg 226w, https:\/\/www.seriekonst.se\/wp-content\/uploads\/2025\/09\/tmit_back-768x1019.jpeg 768w, https:\/\/www.seriekonst.se\/wp-content\/uploads\/2025\/09\/tmit_back-1157x1536.jpeg 1157w, https:\/\/www.seriekonst.se\/wp-content\/uploads\/2025\/09\/tmit_back-1543x2048.jpeg 1543w, https:\/\/www.seriekonst.se\/wp-content\/uploads\/2025\/09\/tmit_back-scaled.jpeg 1929w\" sizes=\"auto, (max-width: 700px) 100vw, 700px\" \/><\/a><figcaption class=\"wp-element-caption\">Fr\u00e5n bokens omslag. G\u00f6ran och Eunice Gayson i Tetouan vid inspelning av filmen Zarak.<\/figcaption><\/figure>\n\n\n<p>Utsedd till en av de b\u00e4sta serierna utgivna 2025 av <a href=\"https:\/\/kulturbilagan.wordpress.com\/2025\/12\/10\/2025-ars-basta-tecknade-serier\/\">Kulturbilagan<\/a>. <br>&#8220;Veteranen Gunnar Krantz \u00e5terv\u00e4nder med en ny nordafrikaskildring efter debutalbumet Alger f\u00f6r fyrtio \u00e4r sedan. Nu handlar det om hans fars resa till frizonen Tanger vid mitten av 1950-talet.&#8221;<\/p>\n\n\n\n<figure class=\"wp-block-image size-large is-resized\"><a href=\"https:\/\/www.seriekonst.se\/wp-content\/uploads\/2020\/10\/621817930_10162630209528576_3570446824113310032_n.jpg\"><img loading=\"lazy\" decoding=\"async\" width=\"700\" height=\"368\" src=\"https:\/\/www.seriekonst.se\/wp-content\/uploads\/2020\/10\/621817930_10162630209528576_3570446824113310032_n-700x368.jpg\" alt=\"\" class=\"wp-image-2338\" style=\"width:160px;height:auto\" srcset=\"https:\/\/www.seriekonst.se\/wp-content\/uploads\/2020\/10\/621817930_10162630209528576_3570446824113310032_n-700x368.jpg 700w, https:\/\/www.seriekonst.se\/wp-content\/uploads\/2020\/10\/621817930_10162630209528576_3570446824113310032_n-300x158.jpg 300w, https:\/\/www.seriekonst.se\/wp-content\/uploads\/2020\/10\/621817930_10162630209528576_3570446824113310032_n-768x403.jpg 768w, https:\/\/www.seriekonst.se\/wp-content\/uploads\/2020\/10\/621817930_10162630209528576_3570446824113310032_n.jpg 1200w\" sizes=\"auto, (max-width: 700px) 100vw, 700px\" \/><\/a><\/figure>\n\n\n\n<p>Utsedd till \u00e5rets b\u00e4sta egenutgivna seriebok i omr\u00f6stning p\u00e5 <a href=\"https:\/\/www.facebook.com\/groups\/seriefolk\/permalink\/1883502615592511\/\">Forum f\u00f6r Seriefolk.<\/a><\/p>\n\n\n\n<p><\/p>\n","protected":false},"excerpt":{"rendered":"<p>Nytt seriealbum av Gunnar Krantz: Tv\u00e5 m\u00e5nader i Tanger. Seriealbum av Gunnar Krantz (2025). 144 sidor sv\/v. -256&#215;182 mm. Pris: 225 kr (+ 75kr porto). BEST\u00c4LL. 1955 liftar G\u00f6ran till Tanger, en frizon d\u00e4r finansv\u00e4rldens&nbsp;giganter, amerikansk jet-set, smugglare, pirater och &hellip; <a href=\"https:\/\/www.seriekonst.se\/?p=2128\">Continue reading <span class=\"meta-nav\">&rarr;<\/span><\/a><\/p>\n","protected":false},"author":1,"featured_media":0,"comment_status":"closed","ping_status":"open","sticky":false,"template":"","format":"standard","meta":{"footnotes":""},"categories":[4,1],"tags":[76,77,78,79],"class_list":["post-2128","post","type-post","status-publish","format-standard","hentry","category-publikationer","category-uncategorized","tag-arets-basta-egenutgivna-seriebok","tag-forum-for-seriefolk","tag-kulturbilagan","tag-seriefolkets-stora-pris"],"_links":{"self":[{"href":"https:\/\/www.seriekonst.se\/index.php?rest_route=\/wp\/v2\/posts\/2128","targetHints":{"allow":["GET"]}}],"collection":[{"href":"https:\/\/www.seriekonst.se\/index.php?rest_route=\/wp\/v2\/posts"}],"about":[{"href":"https:\/\/www.seriekonst.se\/index.php?rest_route=\/wp\/v2\/types\/post"}],"author":[{"embeddable":true,"href":"https:\/\/www.seriekonst.se\/index.php?rest_route=\/wp\/v2\/users\/1"}],"replies":[{"embeddable":true,"href":"https:\/\/www.seriekonst.se\/index.php?rest_route=%2Fwp%2Fv2%2Fcomments&post=2128"}],"version-history":[{"count":20,"href":"https:\/\/www.seriekonst.se\/index.php?rest_route=\/wp\/v2\/posts\/2128\/revisions"}],"predecessor-version":[{"id":2342,"href":"https:\/\/www.seriekonst.se\/index.php?rest_route=\/wp\/v2\/posts\/2128\/revisions\/2342"}],"wp:attachment":[{"href":"https:\/\/www.seriekonst.se\/index.php?rest_route=%2Fwp%2Fv2%2Fmedia&parent=2128"}],"wp:term":[{"taxonomy":"category","embeddable":true,"href":"https:\/\/www.seriekonst.se\/index.php?rest_route=%2Fwp%2Fv2%2Fcategories&post=2128"},{"taxonomy":"post_tag","embeddable":true,"href":"https:\/\/www.seriekonst.se\/index.php?rest_route=%2Fwp%2Fv2%2Ftags&post=2128"}],"curies":[{"name":"wp","href":"https:\/\/api.w.org\/{rel}","templated":true}]}}